{"id":1512,"date":"2026-08-28T20:39:53","date_gmt":"2026-08-28T18:39:53","guid":{"rendered":"https:\/\/www.bordoni.edu.it\/nuovo\/Scuola\/?p=1512"},"modified":"2026-08-28T20:40:53","modified_gmt":"2026-08-28T18:40:53","slug":"calendario-scolastico-2026-2027","status":"publish","type":"post","link":"https:\/\/www.bordoni.edu.it\/nuovo\/Scuola\/calendario-scolastico-2026-2027\/","title":{"rendered":"CALENDARIO SCOLASTICO 2026 &#8211; 2027"},"content":{"rendered":"\n<p class=\"wp-block-paragraph\">DECRETO DEL DIRIGENTE SCOLASTICO n\u00b0. 597<\/p>\n\n\n\n<p class=\"wp-block-paragraph\">Ai sensi delle determinazioni collegiali:<\/p>\n\n\n\n<p class=\"wp-block-paragraph\">Collegio dei Docenti delibera n. 5 del 14 maggio 2026 prot.13182<\/p>\n\n\n\n<p class=\"wp-block-paragraph\">Consiglio di Istituto delibera n. 143 DEL 22\/05\/2025 prot. 10481<\/p>\n\n\n\n<p class=\"has-text-align-right wp-block-paragraph\">A tutta la comunit\u00e0 educante<\/p>\n\n\n\n<p class=\"has-text-align-right wp-block-paragraph\">ATTI dello Stato<\/p>\n\n\n\n<p class=\"wp-block-paragraph\">Oggetto: calendario scolastico 2026\/27<\/p>\n\n\n\n<p class=\"has-text-align-center wp-block-paragraph\"><strong>IL DIRIGENTE SCOLASTICO<\/strong><\/p>\n\n\n\n<p class=\"has-text-align-center wp-block-paragraph\">Ai sensi delle determinazione degli OO.CC e delle leggi dello Stato<\/p>\n\n\n\n<p class=\"has-text-align-center wp-block-paragraph\"><strong>DISPONE<\/strong><\/p>\n\n\n\n<p class=\"has-text-align-center wp-block-paragraph\">Il seguente calendario scolastico<\/p>\n\n\n\n<h3 class=\"wp-block-heading\">&nbsp;<\/h3>\n\n\n\n<h2 class=\"wp-block-heading\"><strong><em>1. Lezioni ed Orari<\/em><\/strong><\/h2>\n\n\n\n<ul class=\"wp-block-list\">\n<li><strong>Inizio lezioni:<\/strong> Luned\u00ec 14 Settembre 2026 (Lectio brevis &#8211; 4 ore)<\/li>\n\n\n\n<li><strong>Inizio orario prolungato:<\/strong> Luned\u00ec 5 Ottobre 2026 (rientri luned\u00ec pomeriggio da 8 ore)<\/li>\n\n\n\n<li><strong>Fine orario prolungato:<\/strong> Luned\u00ec 31 Maggio 2027 (ultimo rientro pomeridiano)<\/li>\n\n\n\n<li><strong>Fine lezioni:<\/strong> Marted\u00ec 8 Giugno 2027 (Lectio brevis 4H fine A.S.)<\/li>\n<\/ul>\n\n\n\n<p class=\"wp-block-paragraph\"><strong>Lectio Brevis previste durante l&#8217;anno:<\/strong><\/p>\n\n\n\n<ul class=\"wp-block-list\">\n<li><strong>Luned\u00ec 14 Settembre 2026:<\/strong> 4 ore (Inizio anno scolastico)<\/li>\n\n\n\n<li><strong>Luned\u00ec 21 Dicembre 2026:<\/strong> 6 ore<\/li>\n\n\n\n<li><strong>Marted\u00ec 22 Dicembre 2026:<\/strong> 4 ore (Fine lezione ore 4 prima delle vacanze)<\/li>\n\n\n\n<li><strong>Mercoled\u00ec 24 Marzo 2027:<\/strong> 4 ore<\/li>\n\n\n\n<li><strong>Marted\u00ec 8 Giugno 2027:<\/strong> 4 ore (Fine A.S.)<\/li>\n<\/ul>\n\n\n\n<p class=\"wp-block-paragraph\"><strong><em>ORGANIZZAZIONE DIDATTICA<\/em><\/strong><\/p>\n\n\n\n<p class=\"wp-block-paragraph\"><strong>Trimestre: 14 settembre 2026 \u2013 31 dicembre 2026<\/strong><\/p>\n\n\n\n<p class=\"wp-block-paragraph\"><strong>Pentamestre: 07 gennaio 2027 \u2013 08 giugno 2027<\/strong><\/p>\n\n\n\n<h3 class=\"wp-block-heading\"><strong>&nbsp;<\/strong><\/h3>\n\n\n\n<h2 class=\"wp-block-heading\"><strong><em>2. Vacanze e Festivit\u00e0<\/em><\/strong><\/h2>\n\n\n\n<ul class=\"wp-block-list\">\n<li><strong>Festa di San Francesco:<\/strong> Domenica 4 Ottobre 2026<\/li>\n\n\n\n<li><strong>Immacolata e Santo Patrono:<\/strong> Marted\u00ec 8 e Mercoled\u00ec 9 Dicembre 2026<\/li>\n\n\n\n<li><strong>Vacanze di Natale:<\/strong> Da Mercoled\u00ec 23 Dicembre 2026 a Mercoled\u00ec 6 Gennaio 2027 <em>(rientro Gioved\u00ec 7 Gennaio)<\/em><\/li>\n\n\n\n<li><strong>Carnevale:<\/strong> Luned\u00ec 8 e Marted\u00ec 9 Febbraio 2027<\/li>\n\n\n\n<li><strong>Vacanze di Pasqua:<\/strong> Da Gioved\u00ec 25 Marzo 2027 a Marted\u00ec 30 Marzo 2027 <em>(rientro Mercoled\u00ec 31 Marzo)<\/em><\/li>\n\n\n\n<li><strong>Festa dei Lavoratori:<\/strong> Sabato 1 Maggio 2027<\/li>\n\n\n\n<li><strong>Festa della Repubblica:<\/strong> Mercoled\u00ec 2 Giugno 2027<\/li>\n<\/ul>\n\n\n\n<h3 class=\"wp-block-heading\"><strong>&nbsp;<\/strong><\/h3>\n\n\n\n<h2 class=\"wp-block-heading\"><strong><em>3. Adattamenti al Calendario (Delibera di Istituto \/ Ponti)<\/em><\/strong><\/h2>\n\n\n\n<ul class=\"wp-block-list\">\n<li><strong>Luned\u00ec 7 Dicembre 2026:<\/strong> Ponte Immacolata \/ Santo Patrono<\/li>\n\n\n\n<li><strong>Gioved\u00ec 29 Aprile 2027:<\/strong> Sospensione attivit\u00e0 didattica<\/li>\n\n\n\n<li><strong>Venerd\u00ec 30 Aprile 2027:<\/strong> Ponte del 1\u00b0 Maggio<\/li>\n<\/ul>\n\n\n\n<h3 class=\"wp-block-heading\"><strong>&nbsp;<\/strong><\/h3>\n\n\n\n<h2 class=\"wp-block-heading\"><strong><em>4. Periodo Colloqui Scuola-Famiglia<\/em><\/strong><\/h2>\n\n\n\n<ul class=\"wp-block-list\">\n<li><strong>Inizio colloqui:<\/strong> Luned\u00ec 19 Ottobre 2026<\/li>\n\n\n\n<li><strong>Fine colloqui (1\u00b0 periodo):<\/strong> Venerd\u00ec 11 Dicembre 2026 &#8211; trimestre<\/li>\n\n\n\n<li><strong>Ripresa colloqui:<\/strong> Luned\u00ec 15 Febbraio 2027<\/li>\n\n\n\n<li><strong>Fine colloqui generali:<\/strong> Venerd\u00ec 7 Maggio 2027 &#8211; pentamestre<\/li>\n\n\n\n<li><strong>Stop colloqui DSE \/ Staff:<\/strong> Venerd\u00ec 28 Maggio 2027<\/li>\n<\/ul>\n\n\n\n<p class=\"wp-block-paragraph\">IL DIRIGENTE SCOLASTICO<\/p>\n\n\n\n<p class=\"wp-block-paragraph\">Dott. <strong><em>Antonino CREA<\/em><\/strong><\/p>\n\n\n\n<p class=\"wp-block-paragraph\"><em>(firma autografa omessa ai sensi del C.A.D e usi ad esso connessi)<\/em><\/p>\n\n\n\n<p class=\"wp-block-paragraph\"><\/p>\n","protected":false},"excerpt":{"rendered":"<p>DECRETO DEL DIRIGENTE SCOLASTICO n\u00b0. 597 Ai sensi delle determinazioni collegiali: Collegio dei Docenti delibera n. 5 del 14 maggio 2026 prot.13182 Consiglio di Istituto delibera n. 143 DEL 22\/05\/2025 prot. 10481 A tutta la comunit\u00e0 [&hellip;]<\/p>\n","protected":false},"author":3,"featured_media":0,"comment_status":"closed","ping_status":"open","sticky":false,"template":"","format":"standard","meta":{"footnotes":""},"tags":[],"class_list":["post-1512","post","type-post","status-publish","format-standard","hentry","tipologia-articolo-articoli","tipologia-articolo-notizie","tipologia-articolo-rassegna-stampa"],"_links":{"self":[{"href":"https:\/\/www.bordoni.edu.it\/nuovo\/Scuola\/wp-json\/wp\/v2\/posts\/1512","targetHints":{"allow":["GET"]}}],"collection":[{"href":"https:\/\/www.bordoni.edu.it\/nuovo\/Scuola\/wp-json\/wp\/v2\/posts"}],"about":[{"href":"https:\/\/www.bordoni.edu.it\/nuovo\/Scuola\/wp-json\/wp\/v2\/types\/post"}],"author":[{"embeddable":true,"href":"https:\/\/www.bordoni.edu.it\/nuovo\/Scuola\/wp-json\/wp\/v2\/users\/3"}],"replies":[{"embeddable":true,"href":"https:\/\/www.bordoni.edu.it\/nuovo\/Scuola\/wp-json\/wp\/v2\/comments?post=1512"}],"version-history":[{"count":1,"href":"https:\/\/www.bordoni.edu.it\/nuovo\/Scuola\/wp-json\/wp\/v2\/posts\/1512\/revisions"}],"predecessor-version":[{"id":1513,"href":"https:\/\/www.bordoni.edu.it\/nuovo\/Scuola\/wp-json\/wp\/v2\/posts\/1512\/revisions\/1513"}],"wp:attachment":[{"href":"https:\/\/www.bordoni.edu.it\/nuovo\/Scuola\/wp-json\/wp\/v2\/media?parent=1512"}],"wp:term":[{"taxonomy":"post_tag","embeddable":true,"href":"https:\/\/www.bordoni.edu.it\/nuovo\/Scuola\/wp-json\/wp\/v2\/tags?post=1512"}],"curies":[{"name":"wp","href":"https:\/\/api.w.org\/{rel}","templated":true}]}}